{"id":1391,"date":"2026-03-15T16:40:45","date_gmt":"2026-03-15T16:40:45","guid":{"rendered":"https:\/\/colegioabogadosbari.org.ar\/?p=1391"},"modified":"2026-03-19T15:50:06","modified_gmt":"2026-03-19T15:50:06","slug":"vii-seminario-internacional-los-marc-y-la-mediacion","status":"publish","type":"post","link":"https:\/\/colegioabogadosbari.org.ar\/?p=1391","title":{"rendered":"VII Seminario Internacional \u201cLos MARC y la Mediaci\u00f3n\u201d"},"content":{"rendered":"\n<p>\ud83d\udce2 \u00a1Ya est\u00e1 abierta la inscripci\u00f3n!<br>\ud83e\udde9 Aprendizajes, tensiones y desaf\u00edos para promover el di\u00e1logo social<\/p>\n\n\n\n<p>\ud83d\udcc5 25 al 30 de marzo de 2026<br>\ud83d\udcbb Modalidad totalmente online<br>\u2705 La Inscripci\u00f3n y participaci\u00f3n es gratuita<br>\ud83d\udcdc Certificado tiene costo administrativo y requiere presentaci\u00f3n de trabajo final<br>\ud83c\udf0e M\u00e1s de 50 profesionales de 12 pa\u00edses compartiendo experiencias<\/p>\n\n\n\n<p>\u2728 Una oportunidad concreta de actualizaci\u00f3n profesional, intercambio y reflexi\u00f3n sobre los desaf\u00edos actuales de los M\u00e9todos Adecuados de Resoluci\u00f3n de Conflictos, junto a referentes y colegas de distintas jurisdicciones.<\/p>\n\n\n\n<p>\ud83d\udd0e Reconocimiento oficial:<br>El Seminario cuenta con Disposici\u00f3n de la Direcci\u00f3n Nacional de Mediaci\u00f3n y M\u00e9todos Participativos de Resoluci\u00f3n de Conflictos de Argentina, que acredita 5 (cinco) horas de capacitaci\u00f3n continua para mediadores del Registro de la Ley N\u00b0 26.589<\/p>\n\n\n\n<p>\ud83c\udfdb\ufe0f Este reconocimiento se suma a los ya otorgados, que fortalecen el valor institucional y acad\u00e9mico de la propuesta:<\/p>\n\n\n\n<p>\ud83d\udccc Catamarca<br>\u2013 Declaraci\u00f3n de Inter\u00e9s Judicial por parte de la Corte de Justicia.<br>\u2013 10 hs. de Capacitaci\u00f3n Continua (Ministerio de Gobierno, Seguridad y Justicia)<\/p>\n\n\n\n<p>\ud83d\udccc Chubut<br>\u2013 Direcci\u00f3n de Mediaci\u00f3n del Poder Judicial (10 hs. de Capacitaci\u00f3n Continua)<\/p>\n\n\n\n<p>\ud83d\udccc Neuqu\u00e9n<br>\u2013 Servicio de Mediaci\u00f3n Familiar (10 hs. de Capacitaci\u00f3n Continua)<\/p>\n\n\n\n<p>\ud83d\udccc Tucum\u00e1n<br>\u2013 Centro Judicial de Mediaci\u00f3n (10 hs. de Capacitaci\u00f3n Continua)<\/p>\n\n\n\n<p>\ud83d\ude80 No deje pasar esta oportunidad de sumar horas reconocidas a su formaci\u00f3n y participar de un espacio acad\u00e9mico de alto nivel.<br>\ud83d\udcdd Reserve su lugar hoy mismo e inscr\u00edbase.<\/p>\n\n\n\n<p>\ud83d\udd17 Informes e inscripci\u00f3n:<br><a href=\"https:\/\/www.fimeint.org\/post\/vii-seminario-internacional-los-marc-y-la-mediacion-aprendizajes-tensiones-y-posibilidades-para-fortalecer-la-convivencia-y-el-dialogo-social\">https:\/\/www.fimeint.org\/post\/vii-seminario-internacional-los-marc-y-la-mediacion-aprendizajes-tensiones-y-posibilidades-para-fortalecer-la-convivencia-y-el-dialogo-social<\/a><\/p>\n\n\n\n<p>\ud83e\udd1d Contamos con su participaci\u00f3n para seguir construyendo, juntos, m\u00e1s di\u00e1logo y mejores pr\u00e1cticas en mediaci\u00f3n.<\/p>\n\n\n\n<p>Cualquier duda o inquietud al mail seminariosfimetsm@gmail.com<\/p>\n","protected":false},"excerpt":{"rendered":"<p>\ud83d\udce2 \u00a1Ya est\u00e1 abierta la inscripci\u00f3n!\ud83e\udde9 Aprendizajes, tensiones y desaf\u00edos para promover el di\u00e1logo social \ud83d\udcc5 25 al 30 de marzo de 2026\ud83d\udcbb Modalidad totalmente online\u2705 La Inscripci\u00f3n y participaci\u00f3n es gratuita\ud83d\udcdc Certificado tiene costo administrativo y requiere presentaci\u00f3n de trabajo final\ud83c\udf0e M\u00e1s de 50 profesionales de 12 pa\u00edses compartiendo experiencias \u2728 Una oportunidad concreta [&hellip;]<\/p>\n","protected":false},"author":1,"featured_media":1460,"comment_status":"closed","ping_status":"open","sticky":false,"template":"","format":"standard","meta":{"pagelayer_contact_templates":[],"_pagelayer_content":"","footnotes":""},"categories":[14,1],"tags":[],"class_list":["post-1391","post","type-post","status-publish","format-standard","has-post-thumbnail","hentry","category-capacitaciones-2026","category-uncategorized"],"jetpack_featured_media_url":"https:\/\/colegioabogadosbari.org.ar\/wp-content\/uploads\/2026\/03\/632966461_10236016238059328_2680146896988038995_n.jpg","_links":{"self":[{"href":"https:\/\/colegioabogadosbari.org.ar\/index.php?rest_route=\/wp\/v2\/posts\/1391","targetHints":{"allow":["GET"]}}],"collection":[{"href":"https:\/\/colegioabogadosbari.org.ar\/index.php?rest_route=\/wp\/v2\/posts"}],"about":[{"href":"https:\/\/colegioabogadosbari.org.ar\/index.php?rest_route=\/wp\/v2\/types\/post"}],"author":[{"embeddable":true,"href":"https:\/\/colegioabogadosbari.org.ar\/index.php?rest_route=\/wp\/v2\/users\/1"}],"replies":[{"embeddable":true,"href":"https:\/\/colegioabogadosbari.org.ar\/index.php?rest_route=%2Fwp%2Fv2%2Fcomments&post=1391"}],"version-history":[{"count":1,"href":"https:\/\/colegioabogadosbari.org.ar\/index.php?rest_route=\/wp\/v2\/posts\/1391\/revisions"}],"predecessor-version":[{"id":1392,"href":"https:\/\/colegioabogadosbari.org.ar\/index.php?rest_route=\/wp\/v2\/posts\/1391\/revisions\/1392"}],"wp:featuredmedia":[{"embeddable":true,"href":"https:\/\/colegioabogadosbari.org.ar\/index.php?rest_route=\/wp\/v2\/media\/1460"}],"wp:attachment":[{"href":"https:\/\/colegioabogadosbari.org.ar\/index.php?rest_route=%2Fwp%2Fv2%2Fmedia&parent=1391"}],"wp:term":[{"taxonomy":"category","embeddable":true,"href":"https:\/\/colegioabogadosbari.org.ar\/index.php?rest_route=%2Fwp%2Fv2%2Fcategories&post=1391"},{"taxonomy":"post_tag","embeddable":true,"href":"https:\/\/colegioabogadosbari.org.ar\/index.php?rest_route=%2Fwp%2Fv2%2Ftags&post=1391"}],"curies":[{"name":"wp","href":"https:\/\/api.w.org\/{rel}","templated":true}]}}