{"id":633,"date":"2023-07-28T15:00:58","date_gmt":"2023-07-28T15:00:58","guid":{"rendered":"https:\/\/colegioabogadosbari.org.ar\/?p=633"},"modified":"2023-07-28T15:00:58","modified_gmt":"2023-07-28T15:00:58","slug":"acta-tribunal-electoral-no-1","status":"publish","type":"post","link":"https:\/\/colegioabogadosbari.org.ar\/?p=633","title":{"rendered":"ACTA TRIBUNAL ELECTORAL N\u00ba 1"},"content":{"rendered":"\n<p>&nbsp;&nbsp;&nbsp;&nbsp;&nbsp;&nbsp;&nbsp;&nbsp; En San Carlos de Bariloche, siendo las 8.30 hs. del 28 de julio de 2023, en la sede del Colegio de Abogados, los Dres. Malaspina Carina (presente por v\u00eda digital), Garrafa Juan Andr\u00e9s, Menegozzi Ignacio, Gonzalez Mar\u00eda Mercedes y Hermida Ayelen se re\u00fanen como miembros del Tribunal Electoral designados por la Comisi\u00f3n Directiva de la Instituci\u00f3n y que tendr\u00e1n a su cargo llevar a adelante todo lo pertinente al sufragio para dar cumplimiento a la CONVOCATORIA al Acto Eleccionario dispuesto por Resoluci\u00f3n N\u00ba 21\/23 del Consejo de la Magistratura de la Provincia de R\u00edo Negro para designar a los representantes de los abogados de la IIIra Circunscripci\u00f3n Judicial&nbsp; por el art. 204 y 220 de la Constituci\u00f3n Provincial de R\u00edo Negro a llevarse a cabo el d\u00eda 11 de agosto del corriente a\u00f1o.<\/p>\n\n\n\n<p><a target=\"_blank\" href=\"https:\/\/colegioabogadosbari.org.ar\/?p=633\" rel=\"noreferrer noopener\">https:\/\/colegioabogadosbari.org.ar\/?p=633(abre en una nueva pesta\u00f1a)<\/a><\/p>\n\n\n\n<p>&nbsp;&nbsp;&nbsp;&nbsp;&nbsp;&nbsp;&nbsp;&nbsp;&nbsp;&nbsp;&nbsp; Luego de analizar el Reglamento Electoral y deliberar sobre el procedimiento m\u00e1s efectivo para llevar adelante el acto eleccionario este Tribunal:<\/p>\n\n\n\n<p>RESUELVE:<\/p>\n\n\n\n<ol class=\"wp-block-list\" type=\"1\">\n<li>Se habilitar\u00e1 una urna en la sede del Colegio de Abogados sito en Palacios 740 de S. C. de Bariloche y una urna en el Juzgado de Paz de &nbsp;la localidad de El Bols\u00f3n.-<\/li>\n<\/ol>\n\n\n\n<ul class=\"wp-block-list\">\n<li><strong>El horario del acto eleccionario es el siguiente:<\/strong><\/li>\n<\/ul>\n\n\n\n<p><strong>&nbsp;&nbsp;&nbsp;&nbsp; a) San Carlos de Bariloche de 08 a 18 horas;<\/strong><\/p>\n\n\n\n<p><strong>&nbsp;&nbsp;&nbsp;&nbsp;&nbsp;b) El Bols\u00f3n&nbsp;de 08 a 13:30 horas;<\/strong><\/p>\n\n\n\n<ul class=\"wp-block-list\">\n<li>Las listas de candidatos deber\u00e1n ser presentadas por triplicado y suscriptas por la totalidad de sus integrantes, <strong>hasta las 12 horas del d\u00eda 03 de AGOSTO de 2023<\/strong>, en la Sede del Colegio de Abogados, sito en Palacios 740, con el patrocinio de uno o m\u00e1s asociados que dar\u00e1n fe del consentimiento de los nominados por cada lista. Las listas deber\u00e1n contemplar la cobertura de la totalidad de los cargos pertinentes.-<\/li>\n<\/ul>\n\n\n\n<ul class=\"wp-block-list\">\n<li>A los efectos de la presentaci\u00f3n de listas de candidatos para integrar el Consejo de la Magistratura, los postulantes deber\u00e1n estar al d\u00eda con las cuotas sociales del Colegio de Abogados.-<\/li>\n<\/ul>\n\n\n\n<ul class=\"wp-block-list\">\n<li>A tal efecto se aplica anal\u00f3gicamente las normas del Estatuto en relaci\u00f3n a las Asambleas (art. 10 inc. 4) y las normas del C\u00f3digo de \u00c9tica Profesional.-<\/li>\n<\/ul>\n\n\n\n<ul class=\"wp-block-list\">\n<li>No obstante ello, para estar en condiciones de emitir el voto por cada uno de los Colegiados, no es requisito tener las cuotas sociales al d\u00eda, debiendo&nbsp; figurar en el registro de socios y acreditando su identidad mediante DNI y\/\u00f3 credencial de Abogado.-<\/li>\n<\/ul>\n\n\n\n<ul class=\"wp-block-list\">\n<li>Las listas se aprobar\u00e1n u observar\u00e1n por el Tribunal Electoral pasadas las 24 hs. del cierre del plazo de presentaci\u00f3n de listas, en cuyo t\u00e9rmino podr\u00e1n ser observadas por los asociados. El acto eleccionario ser\u00e1 secreto y por elecci\u00f3n directa.<\/li>\n<\/ul>\n\n\n\n<ul class=\"wp-block-list\">\n<li>Publicar la Res. 21\/23 &#8211; CM&nbsp; y el Reglamento Electoral en los medios de difusi\u00f3n propios de la Instituci\u00f3n.<\/li>\n<\/ul>\n\n\n\n<ul class=\"wp-block-list\">\n<li>A los fines de dar a conocer el mecanismo a seguir&nbsp; se remite a todos los asociados copia del Reglamento Eleccionario y Requisitos necesarios para integrar la Comisi\u00f3n Directiva. Igualmente para todos aquellos interesados en mayor informaci\u00f3n, una copia del mismo se encontrara a su disposici\u00f3n en la Sede del Colegio de Abogados.<\/li>\n<\/ul>\n\n\n\n<p>Siendo las 9hs. se da por finalizado el acto.<\/p>\n\n\n\n<p><strong>Dra. Malaspina Carina Elizabeth&nbsp; &nbsp;&nbsp;&nbsp;&nbsp;&nbsp;&nbsp;&nbsp;&nbsp;&nbsp;&nbsp;&nbsp;&nbsp;&nbsp;&nbsp;&nbsp;<\/strong><strong>Garrafa Juan Andr\u00e9s&nbsp;&nbsp;&nbsp; &nbsp;&nbsp;&nbsp;&nbsp;Menegozzi Ignacio Mart\u00edn<\/strong><\/p>\n\n\n\n<p>&nbsp;&nbsp;&nbsp;&nbsp;&nbsp;&nbsp;&nbsp;&nbsp;&nbsp;&nbsp;&nbsp;&nbsp;&nbsp;&nbsp;&nbsp;&nbsp;&nbsp;&nbsp;&nbsp;&nbsp;&nbsp;&nbsp;&nbsp;&nbsp;&nbsp;&nbsp;&nbsp;&nbsp;&nbsp;&nbsp; Presidente &nbsp;&nbsp;&nbsp;&nbsp;&nbsp;&nbsp;&nbsp;&nbsp;&nbsp;&nbsp;&nbsp;&nbsp;&nbsp;&nbsp;&nbsp;&nbsp;&nbsp;&nbsp;&nbsp;&nbsp;&nbsp;&nbsp;&nbsp;&nbsp;&nbsp;&nbsp;&nbsp;&nbsp;&nbsp;&nbsp;&nbsp;&nbsp;&nbsp;&nbsp;&nbsp;&nbsp;&nbsp;&nbsp;&nbsp;&nbsp;&nbsp;&nbsp;&nbsp;&nbsp; Vicepresidente&nbsp;&nbsp;&nbsp;&nbsp;&nbsp;&nbsp;&nbsp; &nbsp;&nbsp;&nbsp;&nbsp; &nbsp;&nbsp;&nbsp;&nbsp;&nbsp;&nbsp;&nbsp;&nbsp;&nbsp;&nbsp; &nbsp;&nbsp;&nbsp;&nbsp;&nbsp;&nbsp;&nbsp;&nbsp;&nbsp;Miembro &nbsp;&nbsp;&nbsp;&nbsp;&nbsp;&nbsp;&nbsp;&nbsp;&nbsp;&nbsp;&nbsp;&nbsp;&nbsp;&nbsp;&nbsp;&nbsp;&nbsp;&nbsp;&nbsp;&nbsp;&nbsp; &nbsp;&nbsp;&nbsp;<\/p>\n\n\n\n<p>&nbsp;&nbsp;&nbsp;&nbsp;&nbsp;&nbsp;&nbsp;&nbsp;&nbsp;&nbsp;&nbsp;&nbsp;&nbsp;&nbsp;&nbsp; &nbsp;&nbsp;&nbsp;&nbsp;&nbsp;&nbsp;&nbsp;&nbsp;&nbsp;&nbsp;Tribunal Electoral&nbsp;&nbsp;&nbsp;&nbsp;&nbsp;&nbsp;&nbsp;&nbsp; &nbsp;&nbsp;&nbsp;&nbsp;&nbsp;&nbsp;&nbsp;&nbsp;&nbsp;&nbsp;&nbsp;&nbsp;&nbsp; &nbsp;&nbsp;&nbsp;&nbsp;&nbsp;&nbsp;&nbsp;&nbsp;&nbsp;&nbsp;&nbsp;&nbsp;&nbsp;&nbsp;&nbsp;&nbsp;&nbsp;&nbsp;&nbsp; &nbsp;Tribunal Electoral &nbsp; &nbsp;&nbsp;&nbsp;&nbsp;&nbsp;&nbsp;&nbsp;&nbsp;&nbsp;&nbsp;&nbsp;&nbsp;&nbsp;&nbsp;&nbsp; &nbsp;&nbsp;&nbsp;&nbsp;&nbsp;&nbsp;&nbsp;&nbsp;&nbsp;&nbsp;&nbsp;&nbsp; &nbsp;Tribunal Electoral &nbsp;&nbsp;&nbsp;&nbsp;&nbsp;&nbsp;&nbsp;&nbsp;&nbsp;&nbsp;&nbsp;&nbsp;&nbsp;&nbsp;&nbsp;&nbsp;&nbsp;&nbsp;&nbsp;&nbsp;&nbsp;&nbsp;&nbsp;&nbsp;&nbsp;&nbsp;&nbsp;&nbsp;&nbsp;<\/p>\n\n\n\n<p>&nbsp;&nbsp;&nbsp;&nbsp;&nbsp;&nbsp;&nbsp;&nbsp;&nbsp; &nbsp;<strong>Gonzalez Mar\u00eda Mercedes &nbsp;&nbsp;&nbsp;&nbsp;&nbsp;&nbsp;&nbsp;&nbsp;&nbsp;&nbsp;&nbsp;&nbsp;&nbsp;&nbsp;&nbsp;&nbsp;&nbsp;&nbsp;&nbsp;&nbsp;&nbsp;&nbsp;Hermida Mar\u00eda Ayelen<\/strong><strong><\/strong><\/p>\n\n\n\n<p>&nbsp;&nbsp;&nbsp;&nbsp;&nbsp;&nbsp;&nbsp;&nbsp;&nbsp;&nbsp;&nbsp;&nbsp;&nbsp;&nbsp;&nbsp;&nbsp;&nbsp;&nbsp;&nbsp;&nbsp;&nbsp;&nbsp;&nbsp;&nbsp;&nbsp;&nbsp;&nbsp;&nbsp; &nbsp;&nbsp;&nbsp;&nbsp;&nbsp;&nbsp;&nbsp;&nbsp;&nbsp; Miembro &nbsp;&nbsp;&nbsp;&nbsp;&nbsp;&nbsp;&nbsp;&nbsp;&nbsp;&nbsp;&nbsp;&nbsp;&nbsp;&nbsp; &nbsp;&nbsp;&nbsp;&nbsp;&nbsp;&nbsp;&nbsp;&nbsp;&nbsp;&nbsp;&nbsp;&nbsp;&nbsp;&nbsp;&nbsp; &nbsp;&nbsp;&nbsp;&nbsp;&nbsp;&nbsp;&nbsp;&nbsp;&nbsp;&nbsp;Miembro &nbsp;<\/p>\n\n\n\n<p>&nbsp;&nbsp;&nbsp;&nbsp;&nbsp;&nbsp;&nbsp;&nbsp;&nbsp;&nbsp;&nbsp;&nbsp; &nbsp;&nbsp;&nbsp;&nbsp;&nbsp;&nbsp;&nbsp;&nbsp;&nbsp;&nbsp;&nbsp;&nbsp;&nbsp;Tribunal Electoral &nbsp;&nbsp;&nbsp;&nbsp;&nbsp;&nbsp;&nbsp;&nbsp;&nbsp;&nbsp;&nbsp;&nbsp;&nbsp;&nbsp;&nbsp;&nbsp;&nbsp;&nbsp;&nbsp;&nbsp;&nbsp;&nbsp;&nbsp;&nbsp;&nbsp;&nbsp;&nbsp;&nbsp;&nbsp;&nbsp;&nbsp;&nbsp;&nbsp;&nbsp;&nbsp;&nbsp;&nbsp;&nbsp;&nbsp;&nbsp;&nbsp;Tribunal Electoral<\/p>\n","protected":false},"excerpt":{"rendered":"<p>&nbsp;&nbsp;&nbsp;&nbsp;&nbsp;&nbsp;&nbsp;&nbsp; En San Carlos de Bariloche, siendo las 8.30 hs. del 28 de julio de 2023, en la sede del Colegio de Abogados, los Dres. Malaspina Carina (presente por v\u00eda digital), Garrafa Juan Andr\u00e9s, Menegozzi Ignacio, Gonzalez Mar\u00eda Mercedes y Hermida Ayelen se re\u00fanen como miembros del Tribunal Electoral designados por la Comisi\u00f3n Directiva de [&hellip;]<\/p>\n","protected":false},"author":1,"featured_media":0,"comment_status":"closed","ping_status":"open","sticky":false,"template":"","format":"standard","meta":{"pagelayer_contact_templates":[],"_pagelayer_content":"","footnotes":""},"categories":[1],"tags":[],"class_list":["post-633","post","type-post","status-publish","format-standard","hentry","category-uncategorized"],"jetpack_featured_media_url":"","_links":{"self":[{"href":"https:\/\/colegioabogadosbari.org.ar\/index.php?rest_route=\/wp\/v2\/posts\/633","targetHints":{"allow":["GET"]}}],"collection":[{"href":"https:\/\/colegioabogadosbari.org.ar\/index.php?rest_route=\/wp\/v2\/posts"}],"about":[{"href":"https:\/\/colegioabogadosbari.org.ar\/index.php?rest_route=\/wp\/v2\/types\/post"}],"author":[{"embeddable":true,"href":"https:\/\/colegioabogadosbari.org.ar\/index.php?rest_route=\/wp\/v2\/users\/1"}],"replies":[{"embeddable":true,"href":"https:\/\/colegioabogadosbari.org.ar\/index.php?rest_route=%2Fwp%2Fv2%2Fcomments&post=633"}],"version-history":[{"count":1,"href":"https:\/\/colegioabogadosbari.org.ar\/index.php?rest_route=\/wp\/v2\/posts\/633\/revisions"}],"predecessor-version":[{"id":634,"href":"https:\/\/colegioabogadosbari.org.ar\/index.php?rest_route=\/wp\/v2\/posts\/633\/revisions\/634"}],"wp:attachment":[{"href":"https:\/\/colegioabogadosbari.org.ar\/index.php?rest_route=%2Fwp%2Fv2%2Fmedia&parent=633"}],"wp:term":[{"taxonomy":"category","embeddable":true,"href":"https:\/\/colegioabogadosbari.org.ar\/index.php?rest_route=%2Fwp%2Fv2%2Fcategories&post=633"},{"taxonomy":"post_tag","embeddable":true,"href":"https:\/\/colegioabogadosbari.org.ar\/index.php?rest_route=%2Fwp%2Fv2%2Ftags&post=633"}],"curies":[{"name":"wp","href":"https:\/\/api.w.org\/{rel}","templated":true}]}}